{"id":402,"date":"2024-07-16T11:11:05","date_gmt":"2024-07-16T11:11:05","guid":{"rendered":"https:\/\/cerklog.com\/blog\/?p=402"},"modified":"2024-07-16T11:11:08","modified_gmt":"2024-07-16T11:11:08","slug":"mercosul-da-pontape-inicial-para-acordo-de-livre-comercio-com-emirados-arabes","status":"publish","type":"post","link":"https:\/\/cerklog.com\/blog\/2024\/07\/16\/mercosul-da-pontape-inicial-para-acordo-de-livre-comercio-com-emirados-arabes\/","title":{"rendered":"Mercosul d\u00e1 pontap\u00e9 inicial para acordo de livre com\u00e9rcio com Emirados \u00c1rabes"},"content":{"rendered":"\n<p>Primeira rodada de negocia\u00e7\u00f5es, ocorrida entre 2 e 4 de julho, culminou em termo de refer\u00eancia para um tratado comercial.<\/p>\n\n\n\n<p>A reuni\u00e3o de c\u00fapula do Mercosul, que ocorre na segunda-feira (8), marcar\u00e1 a formaliza\u00e7\u00e3o do pontap\u00e9 inicial para um acordo de livre com\u00e9rcio entre o bloco sul-americano e os Emirados \u00c1rabes Unidos. O encontro dos presidentes de pa\u00edses-membros ocorre em Assun\u00e7\u00e3o, no Paraguai.<\/p>\n\n\n\n<p>O termo de refer\u00eancia de um acordo comercial foi conclu\u00eddo durante a primeira rodada de negocia\u00e7\u00f5es entre as partes, entre os dias 2 e 4 deste m\u00eas, na capital paraguaia. A informa\u00e7\u00e3o foi confirmada \u00e0&nbsp;<strong>CNN<\/strong>&nbsp;pela secret\u00e1ria de Com\u00e9rcio Exterior do Minist\u00e9rio de Desenvolvimento, Ind\u00fastria e Com\u00e9rcio (Mdic), Tatiana Prazeres.<\/p>\n\n\n\n<p>\u201cO documento define o escopo, o conte\u00fado, d\u00e1 os contornos do que poderia ser esse novo acordo comercial envolvendo o Mercosul\u201d, disse Prazeres.<\/p>\n\n\n\n<p>O termo de refer\u00eancia indicar\u00e1 quais condi\u00e7\u00f5es para bens, servi\u00e7os, barreiras t\u00e9cnicas e fitossanit\u00e1rias, por exemplo, far\u00e3o parte das negocia\u00e7\u00f5es e representa um primeiro passo efetivo para as tratativas.<\/p>\n\n\n\n<p>Na pr\u00e1tica, trata-se de uma base para o processo de barganha tradicional nas discuss\u00f5es comerciais. O di\u00e1logo t\u00e9cnico sobre o conte\u00fado espec\u00edfico do acordo se iniciou j\u00e1 no encontro em Assun\u00e7\u00e3o.<\/p>\n\n\n\n<p>Ainda em 2023, a Secretaria de Com\u00e9rcio Exterior realizou uma consulta p\u00fablica para avaliar interesses \u201cofensivos e defensivos\u201d do setor privado junto aos Emirados \u00c1rabes \u2014 ou seja, sondou a percep\u00e7\u00e3o sobre produtos que poderiam avan\u00e7ar na pauta de exporta\u00e7\u00e3o e aqueles que \u201cpreocupam\u201d nas importa\u00e7\u00f5es.<\/p>\n\n\n\n<p>Os resultados da consulta, que v\u00e3o balizar as prioridades e cuidados do Brasil durante as negocia\u00e7\u00f5es, indicaram que o pa\u00eds pode avan\u00e7ar nos setores de carnes, a\u00e7\u00facar, celulose e at\u00e9 manufaturados. Por outro lado, h\u00e1 preocupa\u00e7\u00f5es com o potencial petroqu\u00edmico dos Emirados \u00c1rabes.<\/p>\n\n\n\n<p>Segundo dados do Comex Stat, plataforma de com\u00e9rcio exterior do Mdic, as exporta\u00e7\u00f5es do Brasil para os Emirados \u00c1rabes avan\u00e7aram 50% de janeiro a junho deste ano, em compara\u00e7\u00e3o com o mesmo per\u00edodo do ano passado. Em 2023, o pa\u00eds do oriente m\u00e9dio foi o 28\u00ba destino para os produtos brasileiros. Em 2024, subiu para a 13\u00aa posi\u00e7\u00e3o.<\/p>\n\n\n\n<p>O avan\u00e7o, que surpreende at\u00e9 mesmo o governo, foi puxado especialmente pela exporta\u00e7\u00e3o de a\u00e7\u00facar (300%), carne bovina (249%) e aves (17%). De janeiro a junho deste ano, a corrente de com\u00e9rcio entre os pa\u00edses movimentou US$ 3,1 bilh\u00f5es e se aproxima do total de 2023, cerca de US$ 4,3 bilh\u00f5es.<\/p>\n\n\n\n<p>A secret\u00e1ria afirma que n\u00e3o \u00e9 poss\u00edvel estimar prazo para o fechamento de um acordo. Sucesso mais recente, as negocia\u00e7\u00f5es com Singapura, por exemplo, se iniciaram em 2019 e foram conclu\u00eddas em 2023. As tratativas com a Uni\u00e3o Europeia, que come\u00e7aram em 1999, voltaram a fracassar no ano passado e permanecem sem \u201cfinal feliz\u201d.<\/p>\n\n\n\n<p>\u00c0&nbsp;<strong>CNN<\/strong>, Prazeres diz que o Mdic ainda acredita que \u00e9 poss\u00edvel avan\u00e7ar com negocia\u00e7\u00f5es que est\u00e3o sobre a mesa, como nos acordos com Uni\u00e3o Europeia e Efta (associa\u00e7\u00e3o que re\u00fane Isl\u00e2ndia, Liechtenstein, Noruega e Su\u00ed\u00e7a), mas refor\u00e7a o interesse de abrir novas frentes.<\/p>\n\n\n\n<p>\u201cAmpliar a rede de acordos do Mercosul \u00e9 uma prioridade do Mdic, com a lideran\u00e7a do vice-presidente e ministro Geraldo Alckmin. Nosso esfor\u00e7o \u00e9, al\u00e9m de avan\u00e7ar nas negocia\u00e7\u00f5es que j\u00e1 est\u00e3o sobre a mesa, buscar outras frentes, como essa com os Emirados \u00c1rabes\u201d, afirma.<\/p>\n\n\n\n<p><strong>Fonte: CNN Brasil<\/strong><\/p>\n\n\n\n<p><a href=\"https:\/\/www.cnnbrasil.com.br\/economia\/investimentos\/petroleo-fecha-em-queda-com-correcao-de-ganhos-mas-tem-valorizacao-de-quase-2-na-semana\/\"><\/a><\/p>\n","protected":false},"excerpt":{"rendered":"<p>Primeira rodada de negocia\u00e7\u00f5es, ocorrida entre 2 e 4 de julho, culminou em termo de refer\u00eancia para um tratado comercial. A reuni\u00e3o de c\u00fapula do Mercosul, que ocorre na segunda-feira (8), marcar\u00e1 a formaliza\u00e7\u00e3o do pontap\u00e9 inicial para um acordo de livre com\u00e9rcio entre o bloco sul-americano e os Emirados \u00c1rabes Unidos. O encontro dos [&hellip;]<\/p>\n","protected":false},"author":2,"featured_media":403,"comment_status":"open","ping_status":"open","sticky":false,"template":"","format":"standard","meta":[],"categories":[1],"tags":[],"_links":{"self":[{"href":"https:\/\/cerklog.com\/blog\/wp-json\/wp\/v2\/posts\/402"}],"collection":[{"href":"https:\/\/cerklog.com\/blog\/wp-json\/wp\/v2\/posts"}],"about":[{"href":"https:\/\/cerklog.com\/blog\/wp-json\/wp\/v2\/types\/post"}],"author":[{"embeddable":true,"href":"https:\/\/cerklog.com\/blog\/wp-json\/wp\/v2\/users\/2"}],"replies":[{"embeddable":true,"href":"https:\/\/cerklog.com\/blog\/wp-json\/wp\/v2\/comments?post=402"}],"version-history":[{"count":1,"href":"https:\/\/cerklog.com\/blog\/wp-json\/wp\/v2\/posts\/402\/revisions"}],"predecessor-version":[{"id":404,"href":"https:\/\/cerklog.com\/blog\/wp-json\/wp\/v2\/posts\/402\/revisions\/404"}],"wp:featuredmedia":[{"embeddable":true,"href":"https:\/\/cerklog.com\/blog\/wp-json\/wp\/v2\/media\/403"}],"wp:attachment":[{"href":"https:\/\/cerklog.com\/blog\/wp-json\/wp\/v2\/media?parent=402"}],"wp:term":[{"taxonomy":"category","embeddable":true,"href":"https:\/\/cerklog.com\/blog\/wp-json\/wp\/v2\/categories?post=402"},{"taxonomy":"post_tag","embeddable":true,"href":"https:\/\/cerklog.com\/blog\/wp-json\/wp\/v2\/tags?post=402"}],"curies":[{"name":"wp","href":"https:\/\/api.w.org\/{rel}","templated":true}]}}