{"id":413,"date":"2024-08-26T16:57:43","date_gmt":"2024-08-26T16:57:43","guid":{"rendered":"https:\/\/cerklog.com\/blog\/?p=413"},"modified":"2024-08-26T16:57:45","modified_gmt":"2024-08-26T16:57:45","slug":"seca-no-amazonas-causa-impacto-no-porto-de-santos","status":"publish","type":"post","link":"https:\/\/cerklog.com\/blog\/2024\/08\/26\/seca-no-amazonas-causa-impacto-no-porto-de-santos\/","title":{"rendered":"Seca no Amazonas causa impacto no Porto de Santos"},"content":{"rendered":"\n<p>A seca prolongada nos rios da regi\u00e3o de Manaus tem gerado preocupa\u00e7\u00f5es para empresas de log\u00edstica e navega\u00e7\u00e3o intermodal. A estiagem pode impactar diretamente o fluxo de mercadorias entre Manaus e o Porto de Santos, um ponto chave para a distribui\u00e7\u00e3o de produtos da Zona Franca.<\/p>\n\n\n\n<p>Em 2023, a seca intensa resultou em grandes problemas log\u00edsticos. O Porto de Santos, fundamental para a movimenta\u00e7\u00e3o de mercadorias da Zona Franca, foi severamente afetado, prejudicando grandes lojas de varejo e gerando gargalos na distribui\u00e7\u00e3o de produtos. Para 2024, as previs\u00f5es indicam que a situa\u00e7\u00e3o pode se repetir, com a possibilidade de novos atrasos e complica\u00e7\u00f5es na navega\u00e7\u00e3o.<\/p>\n\n\n\n<p><strong>Medidas preventivas e alternativas<\/strong><\/p>\n\n\n\n<p>O Minist\u00e9rio de Portos e Aeroportos est\u00e1 tomando medidas para enfrentar a situa\u00e7\u00e3o, incluindo a dragagem dos rios Amazonas e Solim\u00f5es para garantir a navegabilidade. Paralelamente, o setor privado est\u00e1 buscando outras solu\u00e7\u00f5es, como a instala\u00e7\u00e3o de cais flutuantes e o aumento da capacidade operacional em portos alternativos, para minimizar os impactos da seca.<\/p>\n\n\n\n<p><strong>Impactos para a economia nacional<\/strong><\/p>\n\n\n\n<p>O potencial impacto da seca n\u00e3o se limita \u00e0 Regi\u00e3o Norte; a Regi\u00e3o Sudeste tamb\u00e9m pode ser afetada, j\u00e1 que depende dos produtos da Zona Franca de Manaus. Para as empresas de log\u00edstica e navega\u00e7\u00e3o, a adapta\u00e7\u00e3o r\u00e1pida \u00e0s condi\u00e7\u00f5es em constante mudan\u00e7a \u00e9 determinante para garantir a continuidade das opera\u00e7\u00f5es e mitigar os impactos para clientes e para a economia nacional.<\/p>\n\n\n\n<p>Na Cerklog, quando nos deparamos com problemas como esse, prontamente buscamos alternativas que viabilizem as opera\u00e7\u00f5es dos nossos clientes.\u00a0<\/p>\n","protected":false},"excerpt":{"rendered":"<p>A seca prolongada nos rios da regi\u00e3o de Manaus tem gerado preocupa\u00e7\u00f5es para empresas de log\u00edstica e navega\u00e7\u00e3o intermodal. A estiagem pode impactar diretamente o fluxo de mercadorias entre Manaus e o Porto de Santos, um ponto chave para a distribui\u00e7\u00e3o de produtos da Zona Franca. Em 2023, a seca intensa resultou em grandes problemas [&hellip;]<\/p>\n","protected":false},"author":2,"featured_media":414,"comment_status":"open","ping_status":"open","sticky":false,"template":"","format":"standard","meta":[],"categories":[1],"tags":[],"_links":{"self":[{"href":"https:\/\/cerklog.com\/blog\/wp-json\/wp\/v2\/posts\/413"}],"collection":[{"href":"https:\/\/cerklog.com\/blog\/wp-json\/wp\/v2\/posts"}],"about":[{"href":"https:\/\/cerklog.com\/blog\/wp-json\/wp\/v2\/types\/post"}],"author":[{"embeddable":true,"href":"https:\/\/cerklog.com\/blog\/wp-json\/wp\/v2\/users\/2"}],"replies":[{"embeddable":true,"href":"https:\/\/cerklog.com\/blog\/wp-json\/wp\/v2\/comments?post=413"}],"version-history":[{"count":1,"href":"https:\/\/cerklog.com\/blog\/wp-json\/wp\/v2\/posts\/413\/revisions"}],"predecessor-version":[{"id":415,"href":"https:\/\/cerklog.com\/blog\/wp-json\/wp\/v2\/posts\/413\/revisions\/415"}],"wp:featuredmedia":[{"embeddable":true,"href":"https:\/\/cerklog.com\/blog\/wp-json\/wp\/v2\/media\/414"}],"wp:attachment":[{"href":"https:\/\/cerklog.com\/blog\/wp-json\/wp\/v2\/media?parent=413"}],"wp:term":[{"taxonomy":"category","embeddable":true,"href":"https:\/\/cerklog.com\/blog\/wp-json\/wp\/v2\/categories?post=413"},{"taxonomy":"post_tag","embeddable":true,"href":"https:\/\/cerklog.com\/blog\/wp-json\/wp\/v2\/tags?post=413"}],"curies":[{"name":"wp","href":"https:\/\/api.w.org\/{rel}","templated":true}]}}