{"id":436,"date":"2024-12-20T19:18:29","date_gmt":"2024-12-20T19:18:29","guid":{"rendered":"https:\/\/cerklog.com\/blog\/?p=436"},"modified":"2024-12-20T19:18:31","modified_gmt":"2024-12-20T19:18:31","slug":"cronograma-migracao-das-importacoes-para-o-portal-unico-primeiro-semestre-de-2025","status":"publish","type":"post","link":"https:\/\/cerklog.com\/blog\/2024\/12\/20\/cronograma-migracao-das-importacoes-para-o-portal-unico-primeiro-semestre-de-2025\/","title":{"rendered":"Cronograma migra\u00e7\u00e3o das importa\u00e7\u00f5es para o Portal \u00danico &#8211; primeiro semestre de 2025"},"content":{"rendered":"\n<p>Cronograma de ades\u00e3o dos anuentes e escopo de migra\u00e7\u00e3o das importa\u00e7\u00f5es para o Portal \u00danico.<\/p>\n\n\n\n<p>Conforme o Anexo \u00danico da Portaria Coana n\u00ba 165,&nbsp;de&nbsp;19&nbsp;de&nbsp;setembro&nbsp;de&nbsp;2024, e a Not\u00edcia Siscomex Importa\u00e7\u00e3o n\u00ba 58,&nbsp;de&nbsp;18&nbsp;de&nbsp;setembro&nbsp;de&nbsp;2024, iniciou-se em 1\u00ba&nbsp;de&nbsp;outubro&nbsp;de&nbsp;2024 o processo&nbsp;de&nbsp;desligamento gradual dos sistemas&nbsp;de&nbsp;Declara\u00e7\u00e3o&nbsp;de&nbsp;Importa\u00e7\u00e3o (DI) e Licen\u00e7a&nbsp;de&nbsp;Importa\u00e7\u00e3o (LI) do Siscomex. Este processo, que se estender\u00e1 at\u00e9 31&nbsp;de&nbsp;dezembro&nbsp;de&nbsp;2025, visa \u00e0 completa migra\u00e7\u00e3o das importa\u00e7\u00f5es para a&nbsp;Declara\u00e7\u00e3o \u00danica&nbsp;de&nbsp;Importa\u00e7\u00e3o (Duimp) e o m\u00f3dulo&nbsp;de&nbsp;Licen\u00e7as, Permiss\u00f5es, Certificados e Outros Documentos (LPCO) do Portal \u00danico&nbsp;de&nbsp;Com\u00e9rcio Exterior.&nbsp;<\/p>\n\n\n\n<p>A Secretaria&nbsp;de&nbsp;Com\u00e9rcio Exterior (Secex) e a Secretaria Especial da Receita Federal do Brasil (RFB) comunicam que foi aprovado&nbsp;na 11\u00aa reuni\u00e3o do CONFAC, realizada em 12&nbsp;de&nbsp;dezembro&nbsp;de&nbsp;2024, o cronograma&nbsp;de&nbsp;ades\u00e3o dos \u00f3rg\u00e3os anuentes ao LPCO e \u00e0 Duimp, a ocorrer no per\u00edodo&nbsp;de&nbsp;janeiro a junho&nbsp;de&nbsp;2025, conforme arquivo abaixo. Ressalta-se que este cronograma estabelece a habilita\u00e7\u00e3o das importa\u00e7\u00f5es sujeitas a controle administrativo no Portal \u00danico&nbsp;de&nbsp;Com\u00e9rcio Exterior, sendo facultado ao importador realizar essas opera\u00e7\u00f5es tanto pelo sistema Siscomex LI\/DI quanto pelo Portal \u00danico.<\/p>\n\n\n\n<p>Em complemento, informamos que durante janeiro&nbsp;de&nbsp;2025 n\u00e3o haver\u00e1 amplia\u00e7\u00e3o das importa\u00e7\u00f5es obrigat\u00f3rias por meio&nbsp;de&nbsp;Duimp,&nbsp;permanecendo em vigor as etapas j\u00e1 implementadas em 2024, conforme estabelecido no Anexo \u00danico da Portaria Coana 165\/2024 e&nbsp;descrito nas Not\u00edcias Siscomex 58, 66 e 73&nbsp;de&nbsp;2024. O&nbsp;detalhamento do cronograma&nbsp;de&nbsp;desligamento, que ampliar\u00e1 a obrigatoriedade da Duimp para outros modais&nbsp;de&nbsp;transportes e regimes tribut\u00e1rios\/fundamentos legais, ser\u00e1 publicado oportunamente.&nbsp;<\/p>\n\n\n\n<p>A Secex e RFB reafirmam seu compromisso com a comunidade&nbsp;de&nbsp;com\u00e9rcio exterior a fim&nbsp;de&nbsp;que a migra\u00e7\u00e3o das importa\u00e7\u00f5es para o Portal \u00danico&nbsp;de&nbsp;Com\u00e9rcio Exterior ocorra&nbsp;de&nbsp;maneira gradual e segura.<\/p>\n\n\n\n<p><strong>\u00a0Cronograma de Ades\u00e3o dos Anuentes<\/strong>\u00a0<\/p>\n\n\n\n<figure class=\"wp-block-image size-large\"><img loading=\"lazy\" width=\"1024\" height=\"324\" src=\"https:\/\/cerklog.com\/blog\/wp-content\/uploads\/2024\/12\/a15bb254-cc7a-400e-a5d2-8f95d1a54cee-1024x324.jpeg\" alt=\"\" class=\"wp-image-438\" srcset=\"https:\/\/cerklog.com\/blog\/wp-content\/uploads\/2024\/12\/a15bb254-cc7a-400e-a5d2-8f95d1a54cee-1024x324.jpeg 1024w, https:\/\/cerklog.com\/blog\/wp-content\/uploads\/2024\/12\/a15bb254-cc7a-400e-a5d2-8f95d1a54cee-300x95.jpeg 300w, https:\/\/cerklog.com\/blog\/wp-content\/uploads\/2024\/12\/a15bb254-cc7a-400e-a5d2-8f95d1a54cee-768x243.jpeg 768w, https:\/\/cerklog.com\/blog\/wp-content\/uploads\/2024\/12\/a15bb254-cc7a-400e-a5d2-8f95d1a54cee.jpeg 1150w\" sizes=\"(max-width: 1024px) 100vw, 1024px\" \/><\/figure>\n","protected":false},"excerpt":{"rendered":"<p>Cronograma de ades\u00e3o dos anuentes e escopo de migra\u00e7\u00e3o das importa\u00e7\u00f5es para o Portal \u00danico. Conforme o Anexo \u00danico da Portaria Coana n\u00ba 165,&nbsp;de&nbsp;19&nbsp;de&nbsp;setembro&nbsp;de&nbsp;2024, e a Not\u00edcia Siscomex Importa\u00e7\u00e3o n\u00ba 58,&nbsp;de&nbsp;18&nbsp;de&nbsp;setembro&nbsp;de&nbsp;2024, iniciou-se em 1\u00ba&nbsp;de&nbsp;outubro&nbsp;de&nbsp;2024 o processo&nbsp;de&nbsp;desligamento gradual dos sistemas&nbsp;de&nbsp;Declara\u00e7\u00e3o&nbsp;de&nbsp;Importa\u00e7\u00e3o (DI) e Licen\u00e7a&nbsp;de&nbsp;Importa\u00e7\u00e3o (LI) do Siscomex. Este processo, que se estender\u00e1 at\u00e9 31&nbsp;de&nbsp;dezembro&nbsp;de&nbsp;2025, visa \u00e0 completa [&hellip;]<\/p>\n","protected":false},"author":2,"featured_media":437,"comment_status":"open","ping_status":"open","sticky":false,"template":"","format":"standard","meta":[],"categories":[1],"tags":[],"_links":{"self":[{"href":"https:\/\/cerklog.com\/blog\/wp-json\/wp\/v2\/posts\/436"}],"collection":[{"href":"https:\/\/cerklog.com\/blog\/wp-json\/wp\/v2\/posts"}],"about":[{"href":"https:\/\/cerklog.com\/blog\/wp-json\/wp\/v2\/types\/post"}],"author":[{"embeddable":true,"href":"https:\/\/cerklog.com\/blog\/wp-json\/wp\/v2\/users\/2"}],"replies":[{"embeddable":true,"href":"https:\/\/cerklog.com\/blog\/wp-json\/wp\/v2\/comments?post=436"}],"version-history":[{"count":1,"href":"https:\/\/cerklog.com\/blog\/wp-json\/wp\/v2\/posts\/436\/revisions"}],"predecessor-version":[{"id":439,"href":"https:\/\/cerklog.com\/blog\/wp-json\/wp\/v2\/posts\/436\/revisions\/439"}],"wp:featuredmedia":[{"embeddable":true,"href":"https:\/\/cerklog.com\/blog\/wp-json\/wp\/v2\/media\/437"}],"wp:attachment":[{"href":"https:\/\/cerklog.com\/blog\/wp-json\/wp\/v2\/media?parent=436"}],"wp:term":[{"taxonomy":"category","embeddable":true,"href":"https:\/\/cerklog.com\/blog\/wp-json\/wp\/v2\/categories?post=436"},{"taxonomy":"post_tag","embeddable":true,"href":"https:\/\/cerklog.com\/blog\/wp-json\/wp\/v2\/tags?post=436"}],"curies":[{"name":"wp","href":"https:\/\/api.w.org\/{rel}","templated":true}]}}