{"id":493,"date":"2026-02-11T12:45:37","date_gmt":"2026-02-11T12:45:37","guid":{"rendered":"https:\/\/cerklog.com\/blog\/?p=493"},"modified":"2026-04-07T12:54:23","modified_gmt":"2026-04-07T12:54:23","slug":"industria-textil-avanca-mas-o-comercio-exterior-se-torna-decisivo-para-a-competitividade-em-2026","status":"publish","type":"post","link":"https:\/\/cerklog.com\/blog\/2026\/02\/11\/industria-textil-avanca-mas-o-comercio-exterior-se-torna-decisivo-para-a-competitividade-em-2026\/","title":{"rendered":"Ind\u00fastria t\u00eaxtil avan\u00e7a, mas o com\u00e9rcio exterior se torna decisivo para a competitividade em 2026"},"content":{"rendered":"\n<div class=\"wp-container-2 wp-block-columns\">\n<div class=\"wp-container-1 wp-block-column\" style=\"flex-basis:100%\">\n<p>A ind\u00fastria t\u00eaxtil e de confec\u00e7\u00e3o brasileira encerrou 2025 com crescimento da produ\u00e7\u00e3o, gera\u00e7\u00e3o de empregos e papel relevante no controle da infla\u00e7\u00e3o. Os dados consolidados indicam alta de 6,8% na produ\u00e7\u00e3o t\u00eaxtil e crescimento mais contido, de 0,7%, na confec\u00e7\u00e3o, al\u00e9m da cria\u00e7\u00e3o de quase 22 mil postos formais de trabalho no per\u00edodo.<\/p>\n<\/div>\n<\/div>\n\n\n\n<div class=\"wp-container-4 wp-block-columns\">\n<div class=\"wp-container-3 wp-block-column\" style=\"flex-basis:100%\">\n<p>Apesar dos n\u00fameros positivos, o setor chega a 2026 em um cen\u00e1rio mais cauteloso. Juros elevados, custo de capital elevado e um ambiente internacional marcado por disputas comerciais e excesso de oferta, especialmente asi\u00e1tica, pressionam a competitividade da ind\u00fastria nacional.<\/p>\n<\/div>\n<\/div>\n\n\n\n<div class=\"wp-container-6 wp-block-columns\">\n<div class=\"wp-container-5 wp-block-column\" style=\"flex-basis:100%\">\n<p>Segundo a Associa\u00e7\u00e3o Brasileira da Ind\u00fastria T\u00eaxtil e de Confec\u00e7\u00e3o, o desafio deixou de ser apenas produzir mais. Passou a ser competir melhor, especialmente no com\u00e9rcio internacional.&nbsp;<\/p>\n<\/div>\n<\/div>\n\n\n\n<p><\/p>\n\n\n\n<h2><strong>A press\u00e3o das importa\u00e7\u00f5es e o impacto log\u00edstico<\/strong><\/h2>\n\n\n\n<div class=\"wp-container-8 wp-block-columns\">\n<div class=\"wp-container-7 wp-block-column\" style=\"flex-basis:100%\">\n<p>Em 2025, o d\u00e9ficit da balan\u00e7a comercial do setor t\u00eaxtil e de confec\u00e7\u00e3o chegou a US$ 5,86 bilh\u00f5es. As importa\u00e7\u00f5es somaram US$ 6,81 bilh\u00f5es, com crescimento expressivo no vestu\u00e1rio em toneladas (13,1%) puxado principalmente por produtos oriundos da China, \u00cdndia, Bangladesh e Vietn\u00e3.<\/p>\n<\/div>\n<\/div>\n\n\n\n<div class=\"wp-container-10 wp-block-columns\">\n<div class=\"wp-container-9 wp-block-column\" style=\"flex-basis:100%\">\n<p>Esse movimento revela um ponto cr\u00edtico: o mercado brasileiro est\u00e1 absorvendo excedentes produtivos asi\u00e1ticos, o que amplia a press\u00e3o sobre pre\u00e7os, margens e prazos da ind\u00fastria local. Nesse contexto, decis\u00f5es log\u00edsticas deixam de ser operacionais e passam a ser estrat\u00e9gicas.<\/p>\n<\/div>\n<\/div>\n\n\n\n<div class=\"wp-container-12 wp-block-columns\">\n<div class=\"wp-container-11 wp-block-column\" style=\"flex-basis:100%\">\n<p>Escolha de modais, defini\u00e7\u00e3o de rotas, planejamento de prazos, gest\u00e3o de riscos e conformidade documental tornam-se fatores determinantes para manter competitividade em um cen\u00e1rio de margens cada vez mais comprimidas.<\/p>\n<\/div>\n<\/div>\n\n\n\n<p><\/p>\n\n\n\n<h2><strong>Com\u00e9rcio exterior como pilar de competitividade<\/strong><\/h2>\n\n\n\n<div class=\"wp-container-14 wp-block-columns\">\n<div class=\"wp-container-13 wp-block-column\" style=\"flex-basis:100%\">\n<p>Com a expectativa de crescimento internacional do consumo de vestu\u00e1rio, estimado em US$ 2,3 trilh\u00f5es at\u00e9 2030, o Brasil precisa avan\u00e7ar n\u00e3o apenas na produ\u00e7\u00e3o, mas na estrutura\u00e7\u00e3o de suas opera\u00e7\u00f5es de com\u00e9rcio exterior.<\/p>\n<\/div>\n<\/div>\n\n\n\n<p>Isso inclui:<\/p>\n\n\n\n<ul><li>Maior previsibilidade log\u00edstica;<\/li><li>Controle de custos ao longo da cadeia;<\/li><li>Integra\u00e7\u00e3o entre decis\u00f5es comerciais, fiscais e operacionais;<\/li><li>Preparo para exig\u00eancias crescentes de sustentabilidade e rastreabilidade.<\/li><\/ul>\n\n\n\n<div class=\"wp-container-16 wp-block-columns\">\n<div class=\"wp-container-15 wp-block-column\" style=\"flex-basis:100%\">\n<p>O avan\u00e7o do acordo Mercosul\u2013Uni\u00e3o Europeia refor\u00e7a esse cen\u00e1rio. A sustentabilidade deixa de ser diferencial e passa a ser requisito competitivo, exigindo aten\u00e7\u00e3o redobrada \u00e0 origem dos insumos, \u00e0 conformidade regulat\u00f3ria e \u00e0 rastreabilidade das opera\u00e7\u00f5es.<\/p>\n<\/div>\n<\/div>\n\n\n\n<p><\/p>\n\n\n\n<h2><strong>O papel da log\u00edstica especializada na importa\u00e7\u00e3o t\u00eaxtil<\/strong><\/h2>\n\n\n\n<div class=\"wp-container-18 wp-block-columns\">\n<div class=\"wp-container-17 wp-block-column\" style=\"flex-basis:100%\">\n<p>Para empresas do setor, importar deixou de ser apenas uma alternativa de suprimento. Tornou-se uma decis\u00e3o estrat\u00e9gica que exige planejamento fino, leitura de risco e parceiros capazes de lidar com a complexidade do segmento t\u00eaxtil, que envolve sazonalidade, volumes vari\u00e1veis, exig\u00eancias regulat\u00f3rias e forte press\u00e3o por custo e prazo.<\/p>\n<\/div>\n<\/div>\n\n\n\n<div class=\"wp-container-20 wp-block-columns\">\n<div class=\"wp-container-19 wp-block-column\" style=\"flex-basis:100%\">\n<p>Em um ambiente de concorr\u00eancia mundial mais dura, log\u00edstica bem estruturada n\u00e3o reduz apenas custos: ela protege margem, reputa\u00e7\u00e3o e continuidade do neg\u00f3cio.<\/p>\n<\/div>\n<\/div>\n","protected":false},"excerpt":{"rendered":"<p>A ind\u00fastria t\u00eaxtil e de confec\u00e7\u00e3o brasileira encerrou 2025 com crescimento da produ\u00e7\u00e3o, gera\u00e7\u00e3o de empregos e papel relevante no controle da infla\u00e7\u00e3o. Os dados consolidados indicam alta de 6,8% na produ\u00e7\u00e3o t\u00eaxtil e crescimento mais contido, de 0,7%, na confec\u00e7\u00e3o, al\u00e9m da cria\u00e7\u00e3o de quase 22 mil postos formais de trabalho no per\u00edodo. Apesar [&hellip;]<\/p>\n","protected":false},"author":2,"featured_media":496,"comment_status":"open","ping_status":"open","sticky":false,"template":"","format":"standard","meta":[],"categories":[1],"tags":[24,14,17,12,16,13,19,20,15],"_links":{"self":[{"href":"https:\/\/cerklog.com\/blog\/wp-json\/wp\/v2\/posts\/493"}],"collection":[{"href":"https:\/\/cerklog.com\/blog\/wp-json\/wp\/v2\/posts"}],"about":[{"href":"https:\/\/cerklog.com\/blog\/wp-json\/wp\/v2\/types\/post"}],"author":[{"embeddable":true,"href":"https:\/\/cerklog.com\/blog\/wp-json\/wp\/v2\/users\/2"}],"replies":[{"embeddable":true,"href":"https:\/\/cerklog.com\/blog\/wp-json\/wp\/v2\/comments?post=493"}],"version-history":[{"count":5,"href":"https:\/\/cerklog.com\/blog\/wp-json\/wp\/v2\/posts\/493\/revisions"}],"predecessor-version":[{"id":518,"href":"https:\/\/cerklog.com\/blog\/wp-json\/wp\/v2\/posts\/493\/revisions\/518"}],"wp:featuredmedia":[{"embeddable":true,"href":"https:\/\/cerklog.com\/blog\/wp-json\/wp\/v2\/media\/496"}],"wp:attachment":[{"href":"https:\/\/cerklog.com\/blog\/wp-json\/wp\/v2\/media?parent=493"}],"wp:term":[{"taxonomy":"category","embeddable":true,"href":"https:\/\/cerklog.com\/blog\/wp-json\/wp\/v2\/categories?post=493"},{"taxonomy":"post_tag","embeddable":true,"href":"https:\/\/cerklog.com\/blog\/wp-json\/wp\/v2\/tags?post=493"}],"curies":[{"name":"wp","href":"https:\/\/api.w.org\/{rel}","templated":true}]}}